{"id":38372,"date":"2015-04-21T10:22:32","date_gmt":"2015-04-21T10:22:32","guid":{"rendered":"https:\/\/villasbrignogan.com\/descubrir-la-capilla-de-pol-un-paseo-impregnado-de-leyenda\/"},"modified":"2025-05-04T10:56:27","modified_gmt":"2025-05-04T10:56:27","slug":"descubrir-la-capilla-de-pol-un-paseo-impregnado-de-leyenda","status":"publish","type":"post","link":"https:\/\/villasbrignogan.com\/es\/descubrir-la-capilla-de-pol-un-paseo-impregnado-de-leyenda\/","title":{"rendered":"Descubrir la capilla de Pol: un paseo impregnado de leyenda"},"content":{"rendered":"\t\t<div data-elementor-type=\"wp-post\" data-elementor-id=\"38372\" class=\"elementor elementor-38372 elementor-240\" data-elementor-post-type=\"post\">\n\t\t\t\t<div class=\"elementor-element elementor-element-e3a5bb3 e-flex e-con-boxed e-con e-parent\" data-id=\"e3a5bb3\" data-element_type=\"container\" data-e-type=\"container\">\n\t\t\t\t\t<div class=\"e-con-inner\">\n\t\t\t\t<div class=\"elementor-element elementor-element-656c12d2 elementor-widget elementor-widget-text-editor\" data-id=\"656c12d2\" data-element_type=\"widget\" data-e-type=\"widget\" data-widget_type=\"text-editor.default\">\n\t\t\t\t<div class=\"elementor-widget-container\">\n\t\t\t\t\t\t\t\t\t<p><\/p>\n<ul class=\"wp-block-list\">\n<li style=\"list-style-type: none;\">\n<ul class=\"wp-block-list\"><\/ul>\n<\/li>\n<\/ul>\n<p> <\/p>\n<ul class=\"wp-block-list\">\n<li style=\"list-style-type: none;\">\n<ul class=\"wp-block-list\">\n<li>Camina<\/li>\n<\/ul>\n<\/li>\n<\/ul>\n<p><\/p>\n<ul class=\"wp-block-list\">\n<li style=\"list-style-type: none;\">\n<ul class=\"wp-block-list\">\n<li>Para toda la familia<\/li>\n<\/ul>\n<\/li>\n<\/ul>\n<p><\/p>\n<ul class=\"wp-block-list\">\n<li style=\"list-style-type: none;\">\n<ul class=\"wp-block-list\">\n<li>A 600 metros de la villa<\/li>\n<\/ul>\n<\/li>\n<\/ul>\n<p><\/p>\n<p><\/p>\n<p>Situada no lejos de la villa, la capilla de Pol ofrece una escapada \u00fanica que combina historia, leyendas y paisajes encantadores. Este lugar emblem\u00e1tico, enclavado en el coraz\u00f3n de las rocas, relata parte de la historia espiritual y cultural de Breta\u00f1a. <\/p>\n<p>Seg\u00fan la tradici\u00f3n, en el siglo VI, San Pol, uno de los siete santos que evangelizaron Breta\u00f1a, sali\u00f3 de Cornouaille y cruz\u00f3 el Canal de la Mancha para desembarcar en Ushant. Tras un viaje de varias etapas, lleg\u00f3 al cabo de Beg Pol, en Brignogan-Plages. La leyenda cuenta que desembarc\u00f3 en un misterioso abrevadero de piedra.  <\/p>\n<p>Los habitantes de la \u00e9poca intentaron utilizar caballos para transportar la artesa hasta el pueblo de Ploun\u00e9our-Trez, la principal ciudad de la parroquia. Pero cada vez que lo intentaban, las cuerdas se romp\u00edan, lo que hac\u00eda imposible transportar la artesa m\u00e1s all\u00e1 de la orilla. Los aldeanos vieron en ello una se\u00f1al divina: San Pol quer\u00eda que se construyera all\u00ed una capilla.  <\/p>\n<p>La capilla actual, reconstruida en 1870 y restaurada en 1999, sigue albergando este famoso abrevadero.<\/p>\n<p>A pocos pasos de la capilla, podr\u00e1s admirar un calvario que data de la misma \u00e9poca que la antigua capilla, as\u00ed como una garita utilizada anta\u00f1o para vigilar la costa, vestigio de la red establecida por Vauban a finales del siglo XVII.  <\/p>\n<p>Este paseo, que combina patrimonio religioso y leyendas mar\u00edtimas, es una aut\u00e9ntica invitaci\u00f3n al descubrimiento y la contemplaci\u00f3n. No dejes de visitar la capilla de Pol y emp\u00e1pate de la atm\u00f3sfera m\u00edstica que rodea este lugar excepcional. A los ni\u00f1os tambi\u00e9n les encantar\u00e1 poder trepar por el granito hasta el puesto de observaci\u00f3n.  <\/p>\n<p><\/p>\n<p><\/p>\t\t\t\t\t\t\t\t<\/div>\n\t\t\t\t<\/div>\n\t\t\t\t\t<\/div>\n\t\t\t\t<\/div>\n\t\t\t\t<\/div>\n\t\t","protected":false},"excerpt":{"rendered":"<p>Camina Para toda la familia A 600 metros de la villa Situada no lejos de la villa, la capilla de Pol ofrece una escapada \u00fanica que combina historia, leyendas y paisajes encantadores. Este lugar emblem\u00e1tico, enclavado en el coraz\u00f3n de las rocas, relata parte de la historia espiritual y cultural de Breta\u00f1a. Seg\u00fan la tradici\u00f3n, &#8230;<\/p>\n","protected":false},"author":260312211,"featured_media":38241,"comment_status":"closed","ping_status":"open","sticky":false,"template":"","format":"standard","meta":{"inline_featured_image":false,"_jetpack_newsletter_access":"","_jetpack_dont_email_post_to_subs":false,"_jetpack_newsletter_tier_id":0,"_jetpack_memberships_contains_paywalled_content":false,"_jetpack_memberships_contains_paid_content":false,"footnotes":"","jetpack_publicize_message":"","jetpack_publicize_feature_enabled":true,"jetpack_social_post_already_shared":true,"jetpack_social_options":{"image_generator_settings":{"template":"highway","default_image_id":0,"font":"","enabled":false},"version":2},"_wpas_customize_per_network":false,"jetpack_post_was_ever_published":false},"categories":[175],"tags":[],"class_list":["post-38372","post","type-post","status-publish","format-standard","has-post-thumbnail","hentry","category-sin-categoria"],"yoast_head":"<!-- This site is optimized with the Yoast SEO plugin v27.5 - https:\/\/yoast.com\/product\/yoast-seo-wordpress\/ -->\n<title>Descubrir la capilla de Pol: un paseo impregnado de leyenda - Villas Brignogan - Lugares de vacaciones<\/title>\n<meta name=\"robots\" content=\"index, follow, max-snippet:-1, max-image-preview:large, max-video-preview:-1\" \/>\n<link rel=\"canonical\" href=\"https:\/\/villasbrignogan.com\/es\/descubrir-la-capilla-de-pol-un-paseo-impregnado-de-leyenda\/\" \/>\n<meta property=\"og:locale\" content=\"es_ES\" \/>\n<meta property=\"og:type\" content=\"article\" \/>\n<meta property=\"og:title\" content=\"Descubrir la capilla de Pol: un paseo impregnado de leyenda - Villas Brignogan - Lugares de vacaciones\" \/>\n<meta property=\"og:description\" content=\"Camina Para toda la familia A 600 metros de la villa Situada no lejos de la villa, la capilla de Pol ofrece una escapada \u00fanica que combina historia, leyendas y paisajes encantadores. Este lugar emblem\u00e1tico, enclavado en el coraz\u00f3n de las rocas, relata parte de la historia espiritual y cultural de Breta\u00f1a. Seg\u00fan la tradici\u00f3n, ...\" \/>\n<meta property=\"og:url\" content=\"https:\/\/villasbrignogan.com\/es\/descubrir-la-capilla-de-pol-un-paseo-impregnado-de-leyenda\/\" \/>\n<meta property=\"og:site_name\" content=\"Villas Brignogan - Lugares de vacaciones\" \/>\n<meta property=\"article:published_time\" content=\"2015-04-21T10:22:32+00:00\" \/>\n<meta property=\"article:modified_time\" content=\"2025-05-04T10:56:27+00:00\" \/>\n<meta property=\"og:image\" content=\"https:\/\/i0.wp.com\/villasbrignogan.com\/wp-content\/uploads\/2015\/04\/Chapelle-pol-2025.png?fit=1195%2C686&ssl=1\" \/>\n\t<meta property=\"og:image:width\" content=\"1195\" \/>\n\t<meta property=\"og:image:height\" content=\"686\" \/>\n\t<meta property=\"og:image:type\" content=\"image\/png\" \/>\n<meta name=\"author\" content=\"jbhamel\" \/>\n<meta name=\"twitter:card\" content=\"summary_large_image\" \/>\n<meta name=\"twitter:label1\" content=\"Escrito por\" \/>\n\t<meta name=\"twitter:data1\" content=\"jbhamel\" \/>\n\t<meta name=\"twitter:label2\" content=\"Tiempo de lectura\" \/>\n\t<meta name=\"twitter:data2\" content=\"2 minuto\" \/>\n<script type=\"application\/ld+json\" class=\"yoast-schema-graph\">{\"@context\":\"https:\\\/\\\/schema.org\",\"@graph\":[{\"@type\":\"Article\",\"@id\":\"https:\\\/\\\/villasbrignogan.com\\\/es\\\/descubrir-la-capilla-de-pol-un-paseo-impregnado-de-leyenda\\\/#article\",\"isPartOf\":{\"@id\":\"https:\\\/\\\/villasbrignogan.com\\\/es\\\/descubrir-la-capilla-de-pol-un-paseo-impregnado-de-leyenda\\\/\"},\"author\":{\"name\":\"jbhamel\",\"@id\":\"https:\\\/\\\/villasbrignogan.com\\\/es\\\/#\\\/schema\\\/person\\\/9de08fb903c5d9a9d00bfaa5ceeba117\"},\"headline\":\"Descubrir la capilla de Pol: un paseo impregnado de leyenda\",\"datePublished\":\"2015-04-21T10:22:32+00:00\",\"dateModified\":\"2025-05-04T10:56:27+00:00\",\"mainEntityOfPage\":{\"@id\":\"https:\\\/\\\/villasbrignogan.com\\\/es\\\/descubrir-la-capilla-de-pol-un-paseo-impregnado-de-leyenda\\\/\"},\"wordCount\":311,\"publisher\":{\"@id\":\"https:\\\/\\\/villasbrignogan.com\\\/es\\\/#organization\"},\"image\":{\"@id\":\"https:\\\/\\\/villasbrignogan.com\\\/es\\\/descubrir-la-capilla-de-pol-un-paseo-impregnado-de-leyenda\\\/#primaryimage\"},\"thumbnailUrl\":\"https:\\\/\\\/i0.wp.com\\\/villasbrignogan.com\\\/wp-content\\\/uploads\\\/2015\\\/04\\\/Chapelle-pol-2025.png?fit=1195%2C686&ssl=1\",\"inLanguage\":\"es\"},{\"@type\":\"WebPage\",\"@id\":\"https:\\\/\\\/villasbrignogan.com\\\/es\\\/descubrir-la-capilla-de-pol-un-paseo-impregnado-de-leyenda\\\/\",\"url\":\"https:\\\/\\\/villasbrignogan.com\\\/es\\\/descubrir-la-capilla-de-pol-un-paseo-impregnado-de-leyenda\\\/\",\"name\":\"Descubrir la capilla de Pol: un paseo impregnado de leyenda - Villas Brignogan - Lugares de vacaciones\",\"isPartOf\":{\"@id\":\"https:\\\/\\\/villasbrignogan.com\\\/es\\\/#website\"},\"primaryImageOfPage\":{\"@id\":\"https:\\\/\\\/villasbrignogan.com\\\/es\\\/descubrir-la-capilla-de-pol-un-paseo-impregnado-de-leyenda\\\/#primaryimage\"},\"image\":{\"@id\":\"https:\\\/\\\/villasbrignogan.com\\\/es\\\/descubrir-la-capilla-de-pol-un-paseo-impregnado-de-leyenda\\\/#primaryimage\"},\"thumbnailUrl\":\"https:\\\/\\\/i0.wp.com\\\/villasbrignogan.com\\\/wp-content\\\/uploads\\\/2015\\\/04\\\/Chapelle-pol-2025.png?fit=1195%2C686&ssl=1\",\"datePublished\":\"2015-04-21T10:22:32+00:00\",\"dateModified\":\"2025-05-04T10:56:27+00:00\",\"breadcrumb\":{\"@id\":\"https:\\\/\\\/villasbrignogan.com\\\/es\\\/descubrir-la-capilla-de-pol-un-paseo-impregnado-de-leyenda\\\/#breadcrumb\"},\"inLanguage\":\"es\",\"potentialAction\":[{\"@type\":\"ReadAction\",\"target\":[\"https:\\\/\\\/villasbrignogan.com\\\/es\\\/descubrir-la-capilla-de-pol-un-paseo-impregnado-de-leyenda\\\/\"]}]},{\"@type\":\"ImageObject\",\"inLanguage\":\"es\",\"@id\":\"https:\\\/\\\/villasbrignogan.com\\\/es\\\/descubrir-la-capilla-de-pol-un-paseo-impregnado-de-leyenda\\\/#primaryimage\",\"url\":\"https:\\\/\\\/i0.wp.com\\\/villasbrignogan.com\\\/wp-content\\\/uploads\\\/2015\\\/04\\\/Chapelle-pol-2025.png?fit=1195%2C686&ssl=1\",\"contentUrl\":\"https:\\\/\\\/i0.wp.com\\\/villasbrignogan.com\\\/wp-content\\\/uploads\\\/2015\\\/04\\\/Chapelle-pol-2025.png?fit=1195%2C686&ssl=1\",\"width\":1195,\"height\":686},{\"@type\":\"BreadcrumbList\",\"@id\":\"https:\\\/\\\/villasbrignogan.com\\\/es\\\/descubrir-la-capilla-de-pol-un-paseo-impregnado-de-leyenda\\\/#breadcrumb\",\"itemListElement\":[{\"@type\":\"ListItem\",\"position\":1,\"name\":\"Accueil\",\"item\":\"https:\\\/\\\/villasbrignogan.com\\\/es\\\/pagina-principal\\\/\"},{\"@type\":\"ListItem\",\"position\":2,\"name\":\"Descubrir la capilla de Pol: un paseo impregnado de leyenda\"}]},{\"@type\":\"WebSite\",\"@id\":\"https:\\\/\\\/villasbrignogan.com\\\/es\\\/#website\",\"url\":\"https:\\\/\\\/villasbrignogan.com\\\/es\\\/\",\"name\":\"Villas Brignogan - Locations vacances\",\"description\":\"Location vacance en finist\u00e8re \u00e0 Brignogan\",\"publisher\":{\"@id\":\"https:\\\/\\\/villasbrignogan.com\\\/es\\\/#organization\"},\"potentialAction\":[{\"@type\":\"SearchAction\",\"target\":{\"@type\":\"EntryPoint\",\"urlTemplate\":\"https:\\\/\\\/villasbrignogan.com\\\/es\\\/?s={search_term_string}\"},\"query-input\":{\"@type\":\"PropertyValueSpecification\",\"valueRequired\":true,\"valueName\":\"search_term_string\"}}],\"inLanguage\":\"es\"},{\"@type\":\"Organization\",\"@id\":\"https:\\\/\\\/villasbrignogan.com\\\/es\\\/#organization\",\"name\":\"Villas brignogan\",\"url\":\"https:\\\/\\\/villasbrignogan.com\\\/es\\\/\",\"logo\":{\"@type\":\"ImageObject\",\"inLanguage\":\"es\",\"@id\":\"https:\\\/\\\/villasbrignogan.com\\\/es\\\/#\\\/schema\\\/logo\\\/image\\\/\",\"url\":\"https:\\\/\\\/i0.wp.com\\\/villasbrignogan.com\\\/wp-content\\\/uploads\\\/2025\\\/02\\\/LOGO-VBrignogan-JB-N-1-1.png?fit=4167%2C2500&ssl=1\",\"contentUrl\":\"https:\\\/\\\/i0.wp.com\\\/villasbrignogan.com\\\/wp-content\\\/uploads\\\/2025\\\/02\\\/LOGO-VBrignogan-JB-N-1-1.png?fit=4167%2C2500&ssl=1\",\"width\":4167,\"height\":2500,\"caption\":\"Villas brignogan\"},\"image\":{\"@id\":\"https:\\\/\\\/villasbrignogan.com\\\/es\\\/#\\\/schema\\\/logo\\\/image\\\/\"}},{\"@type\":\"Person\",\"@id\":\"https:\\\/\\\/villasbrignogan.com\\\/es\\\/#\\\/schema\\\/person\\\/9de08fb903c5d9a9d00bfaa5ceeba117\",\"name\":\"jbhamel\",\"sameAs\":[\"http:\\\/\\\/www.villasbrignogan.com\"]}]}<\/script>\n<!-- \/ Yoast SEO plugin. -->","yoast_head_json":{"title":"Descubrir la capilla de Pol: un paseo impregnado de leyenda - Villas Brignogan - Lugares de vacaciones","robots":{"index":"index","follow":"follow","max-snippet":"max-snippet:-1","max-image-preview":"max-image-preview:large","max-video-preview":"max-video-preview:-1"},"canonical":"https:\/\/villasbrignogan.com\/es\/descubrir-la-capilla-de-pol-un-paseo-impregnado-de-leyenda\/","og_locale":"es_ES","og_type":"article","og_title":"Descubrir la capilla de Pol: un paseo impregnado de leyenda - Villas Brignogan - Lugares de vacaciones","og_description":"Camina Para toda la familia A 600 metros de la villa Situada no lejos de la villa, la capilla de Pol ofrece una escapada \u00fanica que combina historia, leyendas y paisajes encantadores. Este lugar emblem\u00e1tico, enclavado en el coraz\u00f3n de las rocas, relata parte de la historia espiritual y cultural de Breta\u00f1a. Seg\u00fan la tradici\u00f3n, ...","og_url":"https:\/\/villasbrignogan.com\/es\/descubrir-la-capilla-de-pol-un-paseo-impregnado-de-leyenda\/","og_site_name":"Villas Brignogan - Lugares de vacaciones","article_published_time":"2015-04-21T10:22:32+00:00","article_modified_time":"2025-05-04T10:56:27+00:00","og_image":[{"width":1195,"height":686,"url":"https:\/\/i0.wp.com\/villasbrignogan.com\/wp-content\/uploads\/2015\/04\/Chapelle-pol-2025.png?fit=1195%2C686&ssl=1","type":"image\/png"}],"author":"jbhamel","twitter_card":"summary_large_image","twitter_misc":{"Escrito por":"jbhamel","Tiempo de lectura":"2 minuto"},"schema":{"@context":"https:\/\/schema.org","@graph":[{"@type":"Article","@id":"https:\/\/villasbrignogan.com\/es\/descubrir-la-capilla-de-pol-un-paseo-impregnado-de-leyenda\/#article","isPartOf":{"@id":"https:\/\/villasbrignogan.com\/es\/descubrir-la-capilla-de-pol-un-paseo-impregnado-de-leyenda\/"},"author":{"name":"jbhamel","@id":"https:\/\/villasbrignogan.com\/es\/#\/schema\/person\/9de08fb903c5d9a9d00bfaa5ceeba117"},"headline":"Descubrir la capilla de Pol: un paseo impregnado de leyenda","datePublished":"2015-04-21T10:22:32+00:00","dateModified":"2025-05-04T10:56:27+00:00","mainEntityOfPage":{"@id":"https:\/\/villasbrignogan.com\/es\/descubrir-la-capilla-de-pol-un-paseo-impregnado-de-leyenda\/"},"wordCount":311,"publisher":{"@id":"https:\/\/villasbrignogan.com\/es\/#organization"},"image":{"@id":"https:\/\/villasbrignogan.com\/es\/descubrir-la-capilla-de-pol-un-paseo-impregnado-de-leyenda\/#primaryimage"},"thumbnailUrl":"https:\/\/i0.wp.com\/villasbrignogan.com\/wp-content\/uploads\/2015\/04\/Chapelle-pol-2025.png?fit=1195%2C686&ssl=1","inLanguage":"es"},{"@type":"WebPage","@id":"https:\/\/villasbrignogan.com\/es\/descubrir-la-capilla-de-pol-un-paseo-impregnado-de-leyenda\/","url":"https:\/\/villasbrignogan.com\/es\/descubrir-la-capilla-de-pol-un-paseo-impregnado-de-leyenda\/","name":"Descubrir la capilla de Pol: un paseo impregnado de leyenda - Villas Brignogan - Lugares de vacaciones","isPartOf":{"@id":"https:\/\/villasbrignogan.com\/es\/#website"},"primaryImageOfPage":{"@id":"https:\/\/villasbrignogan.com\/es\/descubrir-la-capilla-de-pol-un-paseo-impregnado-de-leyenda\/#primaryimage"},"image":{"@id":"https:\/\/villasbrignogan.com\/es\/descubrir-la-capilla-de-pol-un-paseo-impregnado-de-leyenda\/#primaryimage"},"thumbnailUrl":"https:\/\/i0.wp.com\/villasbrignogan.com\/wp-content\/uploads\/2015\/04\/Chapelle-pol-2025.png?fit=1195%2C686&ssl=1","datePublished":"2015-04-21T10:22:32+00:00","dateModified":"2025-05-04T10:56:27+00:00","breadcrumb":{"@id":"https:\/\/villasbrignogan.com\/es\/descubrir-la-capilla-de-pol-un-paseo-impregnado-de-leyenda\/#breadcrumb"},"inLanguage":"es","potentialAction":[{"@type":"ReadAction","target":["https:\/\/villasbrignogan.com\/es\/descubrir-la-capilla-de-pol-un-paseo-impregnado-de-leyenda\/"]}]},{"@type":"ImageObject","inLanguage":"es","@id":"https:\/\/villasbrignogan.com\/es\/descubrir-la-capilla-de-pol-un-paseo-impregnado-de-leyenda\/#primaryimage","url":"https:\/\/i0.wp.com\/villasbrignogan.com\/wp-content\/uploads\/2015\/04\/Chapelle-pol-2025.png?fit=1195%2C686&ssl=1","contentUrl":"https:\/\/i0.wp.com\/villasbrignogan.com\/wp-content\/uploads\/2015\/04\/Chapelle-pol-2025.png?fit=1195%2C686&ssl=1","width":1195,"height":686},{"@type":"BreadcrumbList","@id":"https:\/\/villasbrignogan.com\/es\/descubrir-la-capilla-de-pol-un-paseo-impregnado-de-leyenda\/#breadcrumb","itemListElement":[{"@type":"ListItem","position":1,"name":"Accueil","item":"https:\/\/villasbrignogan.com\/es\/pagina-principal\/"},{"@type":"ListItem","position":2,"name":"Descubrir la capilla de Pol: un paseo impregnado de leyenda"}]},{"@type":"WebSite","@id":"https:\/\/villasbrignogan.com\/es\/#website","url":"https:\/\/villasbrignogan.com\/es\/","name":"Villas Brignogan - Locations vacances","description":"Location vacance en finist\u00e8re \u00e0 Brignogan","publisher":{"@id":"https:\/\/villasbrignogan.com\/es\/#organization"},"potentialAction":[{"@type":"SearchAction","target":{"@type":"EntryPoint","urlTemplate":"https:\/\/villasbrignogan.com\/es\/?s={search_term_string}"},"query-input":{"@type":"PropertyValueSpecification","valueRequired":true,"valueName":"search_term_string"}}],"inLanguage":"es"},{"@type":"Organization","@id":"https:\/\/villasbrignogan.com\/es\/#organization","name":"Villas brignogan","url":"https:\/\/villasbrignogan.com\/es\/","logo":{"@type":"ImageObject","inLanguage":"es","@id":"https:\/\/villasbrignogan.com\/es\/#\/schema\/logo\/image\/","url":"https:\/\/i0.wp.com\/villasbrignogan.com\/wp-content\/uploads\/2025\/02\/LOGO-VBrignogan-JB-N-1-1.png?fit=4167%2C2500&ssl=1","contentUrl":"https:\/\/i0.wp.com\/villasbrignogan.com\/wp-content\/uploads\/2025\/02\/LOGO-VBrignogan-JB-N-1-1.png?fit=4167%2C2500&ssl=1","width":4167,"height":2500,"caption":"Villas brignogan"},"image":{"@id":"https:\/\/villasbrignogan.com\/es\/#\/schema\/logo\/image\/"}},{"@type":"Person","@id":"https:\/\/villasbrignogan.com\/es\/#\/schema\/person\/9de08fb903c5d9a9d00bfaa5ceeba117","name":"jbhamel","sameAs":["http:\/\/www.villasbrignogan.com"]}]}},"jetpack_publicize_connections":[],"jetpack_featured_media_url":"https:\/\/i0.wp.com\/villasbrignogan.com\/wp-content\/uploads\/2015\/04\/Chapelle-pol-2025.png?fit=1195%2C686&ssl=1","jetpack_likes_enabled":false,"jetpack_sharing_enabled":true,"jetpack_shortlink":"https:\/\/wp.me\/pggLiH-9YU","jetpack-related-posts":[{"id":38350,"url":"https:\/\/villasbrignogan.com\/es\/a-tiro-de-piedra-de-la-casa-el-menhir-de-men-marz\/","url_meta":{"origin":38372,"position":0},"title":"A tiro de piedra de la casa: el menhir de Men Marz","author":"jbhamel","date":"13 de abril de 2025","format":false,"excerpt":"Camina Para toda la familia A 750 metros de la villa Aprovecha tu paseo para descubrir uno de los tesoros de Brignogan: el menhir de Men Marz. \"Men Marz\" significa en bret\u00f3n \"la piedra milagrosa\".El nombre procede de una antigua leyenda local:Se dice que San Pol, al ver que el\u2026","rel":"","context":"En \u00abSin categor\u00eda\u00bb","block_context":{"text":"Sin categor\u00eda","link":"https:\/\/villasbrignogan.com\/es\/category\/sin-categoria\/"},"img":{"alt_text":"","src":"https:\/\/i0.wp.com\/villasbrignogan.com\/wp-content\/uploads\/2025\/04\/Menhir-de-Men-Marz-Brignogan.jpg?fit=1200%2C800&ssl=1&resize=350%2C200","width":350,"height":200,"srcset":"https:\/\/i0.wp.com\/villasbrignogan.com\/wp-content\/uploads\/2025\/04\/Menhir-de-Men-Marz-Brignogan.jpg?fit=1200%2C800&ssl=1&resize=350%2C200 1x, https:\/\/i0.wp.com\/villasbrignogan.com\/wp-content\/uploads\/2025\/04\/Menhir-de-Men-Marz-Brignogan.jpg?fit=1200%2C800&ssl=1&resize=525%2C300 1.5x, https:\/\/i0.wp.com\/villasbrignogan.com\/wp-content\/uploads\/2025\/04\/Menhir-de-Men-Marz-Brignogan.jpg?fit=1200%2C800&ssl=1&resize=700%2C400 2x, https:\/\/i0.wp.com\/villasbrignogan.com\/wp-content\/uploads\/2025\/04\/Menhir-de-Men-Marz-Brignogan.jpg?fit=1200%2C800&ssl=1&resize=1050%2C600 3x"},"classes":[]},{"id":38297,"url":"https:\/\/villasbrignogan.com\/es\/donde-puedes-reunirte-para-una-comida-de-convivencia\/","url_meta":{"origin":38372,"position":1},"title":"\u00bfD\u00f3nde puedes reunirte para una comida de convivencia?","author":"jbhamel","date":"21 de abril de 2025","format":false,"excerpt":"Catering Para toda la familia De 20 metros a varios kil\u00f3metros Sidra, kouign amann, cr\u00eapes o kig ha farz... Si no te suenan todos estos nombres, una cosa es segura: Breta\u00f1a est\u00e1 llena de especialidades para descubrir con una comida caliente. Y en los alrededores de Brignogan, no faltan buenos\u2026","rel":"","context":"En \u00abSin categor\u00eda\u00bb","block_context":{"text":"Sin categor\u00eda","link":"https:\/\/villasbrignogan.com\/es\/category\/sin-categoria\/"},"img":{"alt_text":"","src":"https:\/\/i0.wp.com\/villasbrignogan.com\/wp-content\/uploads\/2025\/04\/Memelilia.webp?fit=768%2C768&ssl=1&resize=350%2C200","width":350,"height":200,"srcset":"https:\/\/i0.wp.com\/villasbrignogan.com\/wp-content\/uploads\/2025\/04\/Memelilia.webp?fit=768%2C768&ssl=1&resize=350%2C200 1x, https:\/\/i0.wp.com\/villasbrignogan.com\/wp-content\/uploads\/2025\/04\/Memelilia.webp?fit=768%2C768&ssl=1&resize=525%2C300 1.5x, https:\/\/i0.wp.com\/villasbrignogan.com\/wp-content\/uploads\/2025\/04\/Memelilia.webp?fit=768%2C768&ssl=1&resize=700%2C400 2x"},"classes":[]},{"id":38315,"url":"https:\/\/villasbrignogan.com\/es\/donde-disfrutar-de-una-bebida-o-un-chocolate-caliente-en-la-zona\/","url_meta":{"origin":38372,"position":2},"title":"D\u00f3nde disfrutar de una bebida o un chocolate caliente en la zona","author":"jbhamel","date":"13 de abril de 2025","format":false,"excerpt":"Catering Para toda la familia De 20 metros a varios kil\u00f3metros Tanto si te apetece compartir una copa con amigos, disfrutar de un merecido chocolate caliente o simplemente disfrutar de un momento de convivencia con vistas al mar, aqu\u00ed tienes algunas direcciones que te recomendamos especialmente: Justo enfrente de la\u2026","rel":"","context":"En \u00abSin categor\u00eda\u00bb","block_context":{"text":"Sin categor\u00eda","link":"https:\/\/villasbrignogan.com\/es\/category\/sin-categoria\/"},"img":{"alt_text":"","src":"https:\/\/i0.wp.com\/villasbrignogan.com\/wp-content\/uploads\/2025\/04\/Cafe-du-port.jpg?fit=960%2C720&ssl=1&resize=350%2C200","width":350,"height":200,"srcset":"https:\/\/i0.wp.com\/villasbrignogan.com\/wp-content\/uploads\/2025\/04\/Cafe-du-port.jpg?fit=960%2C720&ssl=1&resize=350%2C200 1x, https:\/\/i0.wp.com\/villasbrignogan.com\/wp-content\/uploads\/2025\/04\/Cafe-du-port.jpg?fit=960%2C720&ssl=1&resize=525%2C300 1.5x, https:\/\/i0.wp.com\/villasbrignogan.com\/wp-content\/uploads\/2025\/04\/Cafe-du-port.jpg?fit=960%2C720&ssl=1&resize=700%2C400 2x"},"classes":[]},{"id":240,"url":"https:\/\/villasbrignogan.com\/chapelle-pol-brignogan-plages\/","url_meta":{"origin":38372,"position":3},"title":"\u00c0 la d\u00e9couverte de la chapelle Pol : une balade empreinte de l\u00e9gendes","author":"jbhamel","date":"21 de abril de 2015","format":false,"excerpt":"\u00a0 Balade Pour toute la famille 600 m\u00e8tres de la villa Situ\u00e9e non loin de la villa, la chapelle Pol offre une escapade unique m\u00ealant histoire, l\u00e9gendes et paysages enchanteurs. Ce lieu embl\u00e9matique, nich\u00e9 au c\u0153ur des rochers, retrace une partie de l\u2019histoire spirituelle et culturelle de la Bretagne. Selon\u2026","rel":"","context":"En \u00abNon cat\u00e9goris\u00e9\u00bb","block_context":{"text":"Non cat\u00e9goris\u00e9","link":"https:\/\/villasbrignogan.com\/category\/non-categorise\/"},"img":{"alt_text":"Chapelle pol","src":"https:\/\/i0.wp.com\/villasbrignogan.com\/wp-content\/uploads\/2015\/04\/Chapelle-pol-2025.png?fit=1195%2C686&ssl=1&resize=350%2C200","width":350,"height":200,"srcset":"https:\/\/i0.wp.com\/villasbrignogan.com\/wp-content\/uploads\/2015\/04\/Chapelle-pol-2025.png?fit=1195%2C686&ssl=1&resize=350%2C200 1x, https:\/\/i0.wp.com\/villasbrignogan.com\/wp-content\/uploads\/2015\/04\/Chapelle-pol-2025.png?fit=1195%2C686&ssl=1&resize=525%2C300 1.5x, https:\/\/i0.wp.com\/villasbrignogan.com\/wp-content\/uploads\/2015\/04\/Chapelle-pol-2025.png?fit=1195%2C686&ssl=1&resize=700%2C400 2x, https:\/\/i0.wp.com\/villasbrignogan.com\/wp-content\/uploads\/2015\/04\/Chapelle-pol-2025.png?fit=1195%2C686&ssl=1&resize=1050%2C600 3x"},"classes":[]},{"id":38355,"url":"https:\/\/villasbrignogan.com\/nl\/de-kapel-van-pol-ontdekken-een-legendarische-wandeling\/","url_meta":{"origin":38372,"position":4},"title":"De kapel van Pol ontdekken: een legendarische wandeling","author":"jbhamel","date":"21 de abril de 2015","format":false,"excerpt":"Loop Voor het hele gezin 600 meter van de villa De kapel van Pol, niet ver van de villa, biedt een uniek uitje dat geschiedenis, legendes en betoverende landschappen combineert. Deze emblematische plek, genesteld in het hart van de rotsen, vertelt een deel van de spirituele en culturele geschiedenis van\u2026","rel":"","context":"En \u00abOngecategoriseerd\u00bb","block_context":{"text":"Ongecategoriseerd","link":"https:\/\/villasbrignogan.com\/nl\/category\/ongecategoriseerd\/"},"img":{"alt_text":"","src":"https:\/\/i0.wp.com\/villasbrignogan.com\/wp-content\/uploads\/2015\/04\/Chapelle-pol-2025.png?fit=1195%2C686&ssl=1&resize=350%2C200","width":350,"height":200,"srcset":"https:\/\/i0.wp.com\/villasbrignogan.com\/wp-content\/uploads\/2015\/04\/Chapelle-pol-2025.png?fit=1195%2C686&ssl=1&resize=350%2C200 1x, https:\/\/i0.wp.com\/villasbrignogan.com\/wp-content\/uploads\/2015\/04\/Chapelle-pol-2025.png?fit=1195%2C686&ssl=1&resize=525%2C300 1.5x, https:\/\/i0.wp.com\/villasbrignogan.com\/wp-content\/uploads\/2015\/04\/Chapelle-pol-2025.png?fit=1195%2C686&ssl=1&resize=700%2C400 2x, https:\/\/i0.wp.com\/villasbrignogan.com\/wp-content\/uploads\/2015\/04\/Chapelle-pol-2025.png?fit=1195%2C686&ssl=1&resize=1050%2C600 3x"},"classes":[]},{"id":38357,"url":"https:\/\/villasbrignogan.com\/en\/discovering-the-pol-chapel-a-walk-steeped-in-legend\/","url_meta":{"origin":38372,"position":5},"title":"Discovering the Pol chapel: a walk steeped in legend","author":"jbhamel","date":"21 de abril de 2015","format":false,"excerpt":"Stroll For the whole family 600 metres from the villa Not far from the villa, the Pol chapel offers a unique getaway combining history, legends and enchanting landscapes. This emblematic site, nestled in the heart of the rocks, recounts part of Brittany's spiritual and cultural history. According to tradition, in\u2026","rel":"","context":"Entrada similar","block_context":{"text":"Entrada similar","link":""},"img":{"alt_text":"","src":"https:\/\/i0.wp.com\/villasbrignogan.com\/wp-content\/uploads\/2015\/04\/Chapelle-pol-2025.png?fit=1195%2C686&ssl=1&resize=350%2C200","width":350,"height":200,"srcset":"https:\/\/i0.wp.com\/villasbrignogan.com\/wp-content\/uploads\/2015\/04\/Chapelle-pol-2025.png?fit=1195%2C686&ssl=1&resize=350%2C200 1x, https:\/\/i0.wp.com\/villasbrignogan.com\/wp-content\/uploads\/2015\/04\/Chapelle-pol-2025.png?fit=1195%2C686&ssl=1&resize=525%2C300 1.5x, https:\/\/i0.wp.com\/villasbrignogan.com\/wp-content\/uploads\/2015\/04\/Chapelle-pol-2025.png?fit=1195%2C686&ssl=1&resize=700%2C400 2x, https:\/\/i0.wp.com\/villasbrignogan.com\/wp-content\/uploads\/2015\/04\/Chapelle-pol-2025.png?fit=1195%2C686&ssl=1&resize=1050%2C600 3x"},"classes":[]}],"_links":{"self":[{"href":"https:\/\/villasbrignogan.com\/es\/wp-json\/wp\/v2\/posts\/38372","targetHints":{"allow":["GET"]}}],"collection":[{"href":"https:\/\/villasbrignogan.com\/es\/wp-json\/wp\/v2\/posts"}],"about":[{"href":"https:\/\/villasbrignogan.com\/es\/wp-json\/wp\/v2\/types\/post"}],"author":[{"embeddable":true,"href":"https:\/\/villasbrignogan.com\/es\/wp-json\/wp\/v2\/users\/260312211"}],"replies":[{"embeddable":true,"href":"https:\/\/villasbrignogan.com\/es\/wp-json\/wp\/v2\/comments?post=38372"}],"version-history":[{"count":3,"href":"https:\/\/villasbrignogan.com\/es\/wp-json\/wp\/v2\/posts\/38372\/revisions"}],"predecessor-version":[{"id":38384,"href":"https:\/\/villasbrignogan.com\/es\/wp-json\/wp\/v2\/posts\/38372\/revisions\/38384"}],"wp:featuredmedia":[{"embeddable":true,"href":"https:\/\/villasbrignogan.com\/es\/wp-json\/wp\/v2\/media\/38241"}],"wp:attachment":[{"href":"https:\/\/villasbrignogan.com\/es\/wp-json\/wp\/v2\/media?parent=38372"}],"wp:term":[{"taxonomy":"category","embeddable":true,"href":"https:\/\/villasbrignogan.com\/es\/wp-json\/wp\/v2\/categories?post=38372"},{"taxonomy":"post_tag","embeddable":true,"href":"https:\/\/villasbrignogan.com\/es\/wp-json\/wp\/v2\/tags?post=38372"}],"curies":[{"name":"wp","href":"https:\/\/api.w.org\/{rel}","templated":true}]}}